{"id":435,"date":"2024-05-08T21:30:21","date_gmt":"2024-05-08T21:30:21","guid":{"rendered":"https:\/\/mulheresagromundo.org\/?p=435"},"modified":"2024-05-08T21:30:21","modified_gmt":"2024-05-08T21:30:21","slug":"mulheres-do-agro-suas-historias-ida-beatriz-de-arruda-macahado","status":"publish","type":"post","link":"https:\/\/mulheresagromundo.org\/2024\/mulheres-do-agro-suas-historias-ida-beatriz-de-arruda-macahado\/","title":{"rendered":"Ida Machado"},"content":{"rendered":"<div class=\"wp-block-image\">\n<figure class=\"aligncenter is-resized has-custom-border\"><img decoding=\"async\" class=\"wp-image-436 aligncenter\" style=\"border-top-left-radius: 30px; border-bottom-right-radius: 30px; aspect-ratio: 3\/4; object-fit: cover; width: 388px;\" src=\"https:\/\/mulheresagromundo.org\/2024\/wp-content\/uploads\/2024\/05\/ida-240x300.jpg\" alt=\"\" \/><\/figure>\n<\/div>\n\n\n<p><span style=\"color: #000000;\"><span style=\"font-family: Arial, serif;\"><span style=\"font-size: medium;\">Ida Beatriz de Arruda Machado, Produtora rural pantaneira, propriet\u00e1ria da Fazenda Nossa Senhora do Machadinho, pecu\u00e1ria de cria sustent\u00e1vel, integrante de projetos de sustentabilidade Fazenda Pantaneira Sustent\u00e1vel &#8211; Embrapa Pantanal, Produ\u00e7\u00e3o sustent\u00e1vel de bezerros &#8211; IDH Transforming Markets, a propriedade possui selo Tesouro Verde de Sustentabilidade BMV \u2013 SebraeMT.<\/span><\/span><\/span><\/p>\n\n\n\n<p><span style=\"color: #000000;\"><span style=\"font-family: Arial, serif;\"><span style=\"font-size: medium;\">Ganhadora do pr\u00eamio sustentabilidade Bayer\/ABAG\/2021, categoria grande propriedade, considerada uma das 100 mulheres poderosas do Agro conforme a revista Forbes. <\/span><\/span><\/span><\/p>\n\n\n\n<p><span style=\"color: #000000;\"><span style=\"font-family: Arial, serif;\"><span style=\"font-size: medium;\">Primeira mulher a presidir o Sindicato Rural em C\u00e1ceres, em 56 anos de atividade.<\/span><\/span><\/span><\/p>\n\n\n\n<p><span style=\"color: #000000;\"><span style=\"font-family: Arial, serif;\"><span style=\"font-size: medium;\">Formada em Administra\u00e7\u00e3o Rural pela Escola Superior de Agricultura de Lavras, atual Universidade Federal de Lavras (UFLA), Gest\u00e3o de Recursos Humanos pela Universidade Cat\u00f3lica Dom Bosco, p\u00f3s-graduada em Difus\u00e3o e inova\u00e7\u00e3o tecnol\u00f3gica pela Universidade Federal do Mato Grosso do Sul e Minist\u00e9rio de Ci\u00eancia e Tecnologia (UFMS\/MCT)<\/span><\/span><\/span><\/p>\n\n\n\n<p><span style=\"color: #000000;\"><span style=\"font-family: Arial, serif;\"><span style=\"font-size: medium;\">Carreira calcada na difus\u00e3o tecnol\u00f3gica e inova\u00e7\u00e3o, esteve na constru\u00e7\u00e3o da rede de tecnologia de Mato Grosso do Sul (RedetecMS), coordenou a Incubadora de empresas da Universidade para o Desenvolvimento do Estado e Regi\u00e3o do Pantanal (UNIDERP) e o N\u00facleo de Design de M\u00f3veis da UNIDERP, foi professora de administra\u00e7\u00e3o rural na Universidade Cat\u00f3lica e na UNIDERP, onde foi tamb\u00e9m presidente da Funda\u00e7\u00e3o Manoel de Barros, respons\u00e1vel pela difus\u00e3o de pesquisa e inova\u00e7\u00f5es tecnol\u00f3gicas da institui\u00e7\u00e3o e de parceiros.<\/span><\/span><\/span><\/p>\n\n\n\n<p><span style=\"color: #000000;\"><span style=\"font-family: Arial, serif;\"><span style=\"font-size: medium;\">Foi diretora t\u00e9cnica e de inova\u00e7\u00e3o do Servi\u00e7o Nacional de Aprendizagem Rural do Mato Grosso (SenarMT).<\/span><\/span><\/span><\/p>\n\n\n\n<p><span style=\"color: #000000;\"><span style=\"font-family: Arial, serif;\"><span style=\"font-size: medium;\">Diretora da Associa\u00e7\u00e3o do Criadores (ACRIMAT) associa\u00e7\u00e3o pecu\u00e1ria do Mato Grosso e Coordenadora da C\u00e2mara t\u00e9cnica para o Agroneg\u00f3cio da INTEGRA Pantanal &#8211; associa\u00e7\u00e3o composta por sete munic\u00edpios do bioma Pantanal de Mato Grosso, com a\u00e7\u00f5es voltadas para desenvolvimento, inova\u00e7\u00e3o e sustentabilidade do territ\u00f3rio cujos eixos priorit\u00e1rios s\u00e3o agroneg\u00f3cio, bioeconomia, turismo e educa\u00e7\u00e3o.<\/span><\/span><\/span><\/p>\n\n\n\n<p><span style=\"color: #000000;\"><span style=\"font-family: Arial, serif;\"><span style=\"font-size: medium;\">Atua como embaixadora da Boa Vontade para a Funda\u00e7\u00e3o ISCM \u2013 \u00f3rg\u00e3o de governan\u00e7a independente que executa programas de transforma\u00e7\u00e3o socioecon\u00f4mica com benef\u00edcios para a sociedade e o ambiente em projetos cr\u00edticos que resultam em mudan\u00e7as sustent\u00e1veis em larga escala e em todo o mundo, sediada em Bruxelas, B\u00e9lgica.<\/span><\/span><\/span><\/p>\n","protected":false},"excerpt":{"rendered":"<p>Ida Beatriz de Arruda Machado, Produtora rural pantaneira, propriet\u00e1ria da Fazenda Nossa Senhora do Machadinho, pecu\u00e1ria de cria sustent\u00e1vel, integrante de projetos de sustentabilidade Fazenda Pantaneira Sustent\u00e1vel &#8211; Embrapa Pantanal, Produ\u00e7\u00e3o sustent\u00e1vel de bezerros &#8211; IDH Transforming Markets, a propriedade possui selo Tesouro Verde de Sustentabilidade BMV \u2013 SebraeMT. Ganhadora do pr\u00eamio sustentabilidade Bayer\/ABAG\/2021, categoria [&hellip;]<\/p>\n","protected":false},"author":1,"featured_media":436,"comment_status":"open","ping_status":"open","sticky":false,"template":"","format":"standard","meta":{"footnotes":""},"categories":[1],"tags":[],"class_list":["post-435","post","type-post","status-publish","format-standard","has-post-thumbnail","hentry","category-blog"],"_links":{"self":[{"href":"https:\/\/mulheresagromundo.org\/2024\/wp-json\/wp\/v2\/posts\/435","targetHints":{"allow":["GET"]}}],"collection":[{"href":"https:\/\/mulheresagromundo.org\/2024\/wp-json\/wp\/v2\/posts"}],"about":[{"href":"https:\/\/mulheresagromundo.org\/2024\/wp-json\/wp\/v2\/types\/post"}],"author":[{"embeddable":true,"href":"https:\/\/mulheresagromundo.org\/2024\/wp-json\/wp\/v2\/users\/1"}],"replies":[{"embeddable":true,"href":"https:\/\/mulheresagromundo.org\/2024\/wp-json\/wp\/v2\/comments?post=435"}],"version-history":[{"count":0,"href":"https:\/\/mulheresagromundo.org\/2024\/wp-json\/wp\/v2\/posts\/435\/revisions"}],"wp:featuredmedia":[{"embeddable":true,"href":"https:\/\/mulheresagromundo.org\/2024\/wp-json\/wp\/v2\/media\/436"}],"wp:attachment":[{"href":"https:\/\/mulheresagromundo.org\/2024\/wp-json\/wp\/v2\/media?parent=435"}],"wp:term":[{"taxonomy":"category","embeddable":true,"href":"https:\/\/mulheresagromundo.org\/2024\/wp-json\/wp\/v2\/categories?post=435"},{"taxonomy":"post_tag","embeddable":true,"href":"https:\/\/mulheresagromundo.org\/2024\/wp-json\/wp\/v2\/tags?post=435"}],"curies":[{"name":"wp","href":"https:\/\/api.w.org\/{rel}","templated":true}]}}