{"id":529,"date":"2024-05-10T13:25:57","date_gmt":"2024-05-10T13:25:57","guid":{"rendered":"https:\/\/mulheresagromundo.org\/?p=529"},"modified":"2024-05-10T13:25:57","modified_gmt":"2024-05-10T13:25:57","slug":"mirian-gontijo","status":"publish","type":"post","link":"https:\/\/mulheresagromundo.org\/2024\/mirian-gontijo\/","title":{"rendered":"M\u00edrian Gontijo"},"content":{"rendered":"<div class=\"wp-block-image\">\n<figure class=\"aligncenter is-resized has-custom-border\"><img fetchpriority=\"high\" decoding=\"async\" class=\"wp-image-530 size-medium aligncenter\" style=\"border-top-left-radius: 30px; border-bottom-right-radius: 30px; aspect-ratio: 3\/4; object-fit: cover; width: 388px;\" src=\"https:\/\/mulheresagromundo.org\/2024\/wp-content\/uploads\/2024\/05\/miriam-233x300.png\" alt=\"\" width=\"233\" height=\"300\" \/><\/figure>\n<\/div>\n\n\n<p style=\"text-align: left;\">M\u00edrian Gontijo \u00e9 uma l\u00edder de destaque com uma extensa trajet\u00f3ria no direito e no agroneg\u00f3cio. H\u00e1 quase quatro d\u00e9cadas, defende os interesses de empresas e cooperativas do setor atrav\u00e9s de seu escrit\u00f3rio, o M\u00edrian Gontijo Advogados.<\/p>\n<p style=\"text-align: left;\">Sua expertise jur\u00eddica se estende para a \u00e1rea financeira, sendo s\u00f3cia fundadora da Precis\u00e3o Recupera\u00e7\u00e3o de Cr\u00e9dito. Al\u00e9m disso, compartilha seu conhecimento como professora convidada do CEDIN e participa ativamente do desenvolvimento do campo latino-americano atrav\u00e9s da co-funda\u00e7\u00e3o da Academia Latino Americana do Agroneg\u00f3cio (ALAGRO) e da Associa\u00e7\u00e3o Mulheres do Agro pelo Mundo (MAM).<\/p>\n<p style=\"text-align: left;\">Tamb\u00e9m possui vasta experi\u00eancia como assessora jur\u00eddica de Associa\u00e7\u00f5es de Classe e Funda\u00e7\u00f5es. Sua lideran\u00e7a se faz presente na OAB\/MG, onde ocupou o cargo de vice-presidente da Comiss\u00e3o de Direito do Agroneg\u00f3cio e presidente da 45\u00aa Subse\u00e7\u00e3o em Patos de Minas. Ainda na OAB\/MG, atuou como Conselheira Seccional por dois mandatos consecutivos.<\/p>\n<p style=\"text-align: left;\">Al\u00e9m de sua brilhante carreira jur\u00eddica, demonstra forte compromisso social como presidente da Amparo Eur\u00edpedes Novelino, uma entidade filantr\u00f3pica voltada para assist\u00eancia social.<\/p>\n","protected":false},"excerpt":{"rendered":"<p>M\u00edrian Gontijo \u00e9 uma l\u00edder de destaque com uma extensa trajet\u00f3ria no direito e no agroneg\u00f3cio. H\u00e1 quase quatro d\u00e9cadas, defende os interesses de empresas e cooperativas do setor atrav\u00e9s de seu escrit\u00f3rio, o M\u00edrian Gontijo Advogados. Sua expertise jur\u00eddica se estende para a \u00e1rea financeira, sendo s\u00f3cia fundadora da Precis\u00e3o Recupera\u00e7\u00e3o de Cr\u00e9dito. Al\u00e9m [&hellip;]<\/p>\n","protected":false},"author":1,"featured_media":530,"comment_status":"open","ping_status":"open","sticky":false,"template":"","format":"standard","meta":{"footnotes":""},"categories":[1],"tags":[],"class_list":["post-529","post","type-post","status-publish","format-standard","has-post-thumbnail","hentry","category-blog"],"_links":{"self":[{"href":"https:\/\/mulheresagromundo.org\/2024\/wp-json\/wp\/v2\/posts\/529","targetHints":{"allow":["GET"]}}],"collection":[{"href":"https:\/\/mulheresagromundo.org\/2024\/wp-json\/wp\/v2\/posts"}],"about":[{"href":"https:\/\/mulheresagromundo.org\/2024\/wp-json\/wp\/v2\/types\/post"}],"author":[{"embeddable":true,"href":"https:\/\/mulheresagromundo.org\/2024\/wp-json\/wp\/v2\/users\/1"}],"replies":[{"embeddable":true,"href":"https:\/\/mulheresagromundo.org\/2024\/wp-json\/wp\/v2\/comments?post=529"}],"version-history":[{"count":0,"href":"https:\/\/mulheresagromundo.org\/2024\/wp-json\/wp\/v2\/posts\/529\/revisions"}],"wp:featuredmedia":[{"embeddable":true,"href":"https:\/\/mulheresagromundo.org\/2024\/wp-json\/wp\/v2\/media\/530"}],"wp:attachment":[{"href":"https:\/\/mulheresagromundo.org\/2024\/wp-json\/wp\/v2\/media?parent=529"}],"wp:term":[{"taxonomy":"category","embeddable":true,"href":"https:\/\/mulheresagromundo.org\/2024\/wp-json\/wp\/v2\/categories?post=529"},{"taxonomy":"post_tag","embeddable":true,"href":"https:\/\/mulheresagromundo.org\/2024\/wp-json\/wp\/v2\/tags?post=529"}],"curies":[{"name":"wp","href":"https:\/\/api.w.org\/{rel}","templated":true}]}}